{"id":374,"date":"2022-05-01T09:47:24","date_gmt":"2022-05-01T07:47:24","guid":{"rendered":"https:\/\/www.viviersleslavaur.fr\/?p=374"},"modified":"2022-05-01T09:47:24","modified_gmt":"2022-05-01T07:47:24","slug":"le-terrain-de-petanque-est-disponible","status":"publish","type":"post","link":"https:\/\/www.viviersleslavaur.fr\/?p=374","title":{"rendered":"Le terrain de p\u00e9tanque est disponible"},"content":{"rendered":"\n<p>Le terrain de p\u00e9tanque est termin\u00e9 et pr\u00eat \u00e0 \u00eatre inaugur\u00e9 en grandes pompes. En attendant ce moment festif, vous pouvez profiter du retour des beaux jours et l&rsquo;utiliser comme vous le souhaitez. Il accueille sans souci, au moins de 2 parties en m\u00eame temps.<\/p>\n\n\n\n<p>Merci aux Vivi\u00e9rois qui ont donn\u00e9 un peu de leur temps pour sa mise en place.<\/p>\n\n\n\n<figure class=\"wp-block-image size-large\"><a href=\"https:\/\/www.viviersleslavaur.fr\/wp-content\/uploads\/2022\/05\/terrain_petanque_20220430.png\"><img loading=\"lazy\" decoding=\"async\" width=\"1024\" height=\"642\" src=\"https:\/\/www.viviersleslavaur.fr\/wp-content\/uploads\/2022\/05\/terrain_petanque_20220430-1024x642.png\" alt=\"\" class=\"wp-image-375\" srcset=\"https:\/\/www.viviersleslavaur.fr\/wp-content\/uploads\/2022\/05\/terrain_petanque_20220430-1024x642.png 1024w, https:\/\/www.viviersleslavaur.fr\/wp-content\/uploads\/2022\/05\/terrain_petanque_20220430-300x188.png 300w, https:\/\/www.viviersleslavaur.fr\/wp-content\/uploads\/2022\/05\/terrain_petanque_20220430-768x482.png 768w, https:\/\/www.viviersleslavaur.fr\/wp-content\/uploads\/2022\/05\/terrain_petanque_20220430-1536x963.png 1536w, https:\/\/www.viviersleslavaur.fr\/wp-content\/uploads\/2022\/05\/terrain_petanque_20220430.png 1764w\" sizes=\"auto, (max-width: 1024px) 100vw, 1024px\" \/><\/a><figcaption>Cr\u00e9dit photo Elise Leroux.<\/figcaption><\/figure>\n","protected":false},"excerpt":{"rendered":"<p>Le terrain de p\u00e9tanque est termin\u00e9 et pr\u00eat \u00e0 \u00eatre inaugur\u00e9 en grandes pompes. En attendant ce moment festif, vous pouvez profiter du retour des beaux jours et l&rsquo;utiliser comme vous le souhaitez. Il accueille sans souci, au moins de 2 parties en m\u00eame temps. Merci aux Vivi\u00e9rois qui ont donn\u00e9 un peu de leur temps pour sa mise en place.<\/p>\n<a class=\"more-link\" rel=\"nofollow\" href=\"https:\/\/www.viviersleslavaur.fr\/?p=374\">[Lire plus...]<\/a>","protected":false},"author":1,"featured_media":0,"comment_status":"closed","ping_status":"closed","sticky":false,"template":"","format":"standard","meta":{"footnotes":""},"categories":[2,5,6],"tags":[],"class_list":["post-374","post","type-post","status-publish","format-standard","hentry","category-commune","category-infospratiques","category-sallelouisgucemas"],"_links":{"self":[{"href":"https:\/\/www.viviersleslavaur.fr\/index.php?rest_route=\/wp\/v2\/posts\/374","targetHints":{"allow":["GET"]}}],"collection":[{"href":"https:\/\/www.viviersleslavaur.fr\/index.php?rest_route=\/wp\/v2\/posts"}],"about":[{"href":"https:\/\/www.viviersleslavaur.fr\/index.php?rest_route=\/wp\/v2\/types\/post"}],"author":[{"embeddable":true,"href":"https:\/\/www.viviersleslavaur.fr\/index.php?rest_route=\/wp\/v2\/users\/1"}],"replies":[{"embeddable":true,"href":"https:\/\/www.viviersleslavaur.fr\/index.php?rest_route=%2Fwp%2Fv2%2Fcomments&post=374"}],"version-history":[{"count":1,"href":"https:\/\/www.viviersleslavaur.fr\/index.php?rest_route=\/wp\/v2\/posts\/374\/revisions"}],"predecessor-version":[{"id":377,"href":"https:\/\/www.viviersleslavaur.fr\/index.php?rest_route=\/wp\/v2\/posts\/374\/revisions\/377"}],"wp:attachment":[{"href":"https:\/\/www.viviersleslavaur.fr\/index.php?rest_route=%2Fwp%2Fv2%2Fmedia&parent=374"}],"wp:term":[{"taxonomy":"category","embeddable":true,"href":"https:\/\/www.viviersleslavaur.fr\/index.php?rest_route=%2Fwp%2Fv2%2Fcategories&post=374"},{"taxonomy":"post_tag","embeddable":true,"href":"https:\/\/www.viviersleslavaur.fr\/index.php?rest_route=%2Fwp%2Fv2%2Ftags&post=374"}],"curies":[{"name":"wp","href":"https:\/\/api.w.org\/{rel}","templated":true}]}}