{"id":332,"date":"2020-10-31T15:36:36","date_gmt":"2020-10-31T14:36:36","guid":{"rendered":"http:\/\/www.viviersleslavaur.fr\/?p=332"},"modified":"2020-10-31T15:37:44","modified_gmt":"2020-10-31T14:37:44","slug":"sirp-reprise-de-lecole-du-02-11-2020","status":"publish","type":"post","link":"https:\/\/www.viviersleslavaur.fr\/?p=332","title":{"rendered":"SIRP, reprise de l&prime;\u00e9cole du 02\/11\/2020"},"content":{"rendered":"\n<p>La nouvelle phase de confinement arrive avec son lot de nouvelles consignes sanitaires. Celles-ci seront appliqu\u00e9es par les enseignantes et les agents du SIRP durant les journ\u00e9es d&rsquo;\u00e9cole. Une \u00e9volution notable, apparait au niveau du <strong>port du masque obligatoire pour les enfants de plus de 6 ans<\/strong>. Merci aux parents de pr\u00e9voir au moins 2 masques par jour, pour votre enfant. Il est \u00e0 noter toutefois, que l&rsquo;Education Nationale pourra fournir un masque pour d\u00e9panner, en cas d&rsquo;oubli ponctuel.<\/p>\n\n\n\n<p>En mati\u00e8re d&rsquo;organisation de l&rsquo;accueil, le SIRP devra adapter son fonctionnement d\u00e8s lors que des consignes d\u00e9finitives lui seront transmises. Cela signifie que pour <strong>lundi 02\/11 et vraisemblablement mardi 03\/11, les transports scolaires et la garderie se d\u00e9rouleront de la m\u00eame fa\u00e7on qu&rsquo;avant les vacances de Toussaint<\/strong>. Des modifications seront effectu\u00e9es, \u00e0 partir de jeudi 05\/11 et ceux-ci seront pr\u00e9scis\u00e9s par messagerie \u00e9l\u00e9ctronique, \u00e0 chaque famille.<\/p>\n\n\n\n<p>Pour m\u00e9moire, lors de l&rsquo;ann\u00e9e scolaire pr\u00e9c\u00e9dente, des consignes avaient \u00e9t\u00e9 donn\u00e9es pour \u00e9viter de faire rencontrer diff\u00e9rents groupes classes, ce qui avait impos\u00e9 des modifications au niveau des transports scolaire et de la garderie. Nous pourrions devoir prendre des mesures ressemblantes.<\/p>\n\n\n\n<p>Bon courage \u00e0 tous les parents, et faisons tous, attention \u00e0 nous et \u00e0 nos proches.<\/p>\n","protected":false},"excerpt":{"rendered":"<p>La nouvelle phase de confinement arrive avec son lot de nouvelles consignes sanitaires. Celles-ci seront appliqu\u00e9es par les enseignantes et les agents du SIRP durant les journ\u00e9es d&rsquo;\u00e9cole. Une \u00e9volution notable, apparait au niveau du port du masque obligatoire pour les enfants de plus de 6 ans. Merci aux parents de pr\u00e9voir au moins 2 masques par jour, pour votre enfant. Il est \u00e0 noter toutefois, que l&rsquo;Education Nationale pourra fournir un masque pour d\u00e9panner, en cas d&rsquo;oubli ponctuel. En mati\u00e8re d&rsquo;organisation de l&rsquo;accueil, le SIRP devra adapter son fonctionnement d\u00e8s lors que des consignes d\u00e9finitives lui seront transmises. Cela<\/p>\n<a class=\"more-link\" rel=\"nofollow\" href=\"https:\/\/www.viviersleslavaur.fr\/?p=332\">[Lire plus...]<\/a>","protected":false},"author":1,"featured_media":0,"comment_status":"closed","ping_status":"closed","sticky":false,"template":"","format":"standard","meta":{"footnotes":""},"categories":[4],"tags":[],"class_list":["post-332","post","type-post","status-publish","format-standard","hentry","category-ecoles"],"_links":{"self":[{"href":"https:\/\/www.viviersleslavaur.fr\/index.php?rest_route=\/wp\/v2\/posts\/332","targetHints":{"allow":["GET"]}}],"collection":[{"href":"https:\/\/www.viviersleslavaur.fr\/index.php?rest_route=\/wp\/v2\/posts"}],"about":[{"href":"https:\/\/www.viviersleslavaur.fr\/index.php?rest_route=\/wp\/v2\/types\/post"}],"author":[{"embeddable":true,"href":"https:\/\/www.viviersleslavaur.fr\/index.php?rest_route=\/wp\/v2\/users\/1"}],"replies":[{"embeddable":true,"href":"https:\/\/www.viviersleslavaur.fr\/index.php?rest_route=%2Fwp%2Fv2%2Fcomments&post=332"}],"version-history":[{"count":2,"href":"https:\/\/www.viviersleslavaur.fr\/index.php?rest_route=\/wp\/v2\/posts\/332\/revisions"}],"predecessor-version":[{"id":334,"href":"https:\/\/www.viviersleslavaur.fr\/index.php?rest_route=\/wp\/v2\/posts\/332\/revisions\/334"}],"wp:attachment":[{"href":"https:\/\/www.viviersleslavaur.fr\/index.php?rest_route=%2Fwp%2Fv2%2Fmedia&parent=332"}],"wp:term":[{"taxonomy":"category","embeddable":true,"href":"https:\/\/www.viviersleslavaur.fr\/index.php?rest_route=%2Fwp%2Fv2%2Fcategories&post=332"},{"taxonomy":"post_tag","embeddable":true,"href":"https:\/\/www.viviersleslavaur.fr\/index.php?rest_route=%2Fwp%2Fv2%2Ftags&post=332"}],"curies":[{"name":"wp","href":"https:\/\/api.w.org\/{rel}","templated":true}]}}