{"id":323,"date":"2020-05-28T22:43:57","date_gmt":"2020-05-28T20:43:57","guid":{"rendered":"http:\/\/www.viviersleslavaur.fr\/?p=323"},"modified":"2020-05-28T22:43:57","modified_gmt":"2020-05-28T20:43:57","slug":"sirp-accueil-des-enfants-une-solution-est-proposee","status":"publish","type":"post","link":"https:\/\/www.viviersleslavaur.fr\/?p=323","title":{"rendered":"SIRP : Accueil des enfants, une solution est propos\u00e9e&#8230;"},"content":{"rendered":"\n<p>Au vu du faible nombre de parents, demandeurs d&rsquo;une solution de garde pour leurs enfants scolaris\u00e9s, la solution a \u00e9t\u00e9 trouv\u00e9e par les enseignantes des 3 \u00e9coles. Elles accueilleront les enfants des parents qui en avaient fait la demande, en classe, directement. En effet, le nombre d&rsquo;\u00e9l\u00e8ves d\u00e9j\u00e0 retourn\u00e9s \u00e0 l&rsquo;\u00e9cole est tout \u00e0 fait compatible avec l&rsquo;accueil de quelques \u00e9l\u00e8ves suppl\u00e9mentaires.<\/p>\n\n\n\n<p>Finalement, l&rsquo;organisation la plus simple sera adopt\u00e9e.<\/p>\n\n\n\n<p>Merci de prendre contact avec les enseignantes, pour les modalit\u00e9s de mise en oeuvre&#8230;<\/p>\n\n\n\n<p><\/p>\n","protected":false},"excerpt":{"rendered":"<p>Au vu du faible nombre de parents, demandeurs d&rsquo;une solution de garde pour leurs enfants scolaris\u00e9s, la solution a \u00e9t\u00e9 trouv\u00e9e par les enseignantes des 3 \u00e9coles. Elles accueilleront les enfants des parents qui en avaient fait la demande, en classe, directement. En effet, le nombre d&rsquo;\u00e9l\u00e8ves d\u00e9j\u00e0 retourn\u00e9s \u00e0 l&rsquo;\u00e9cole est tout \u00e0 fait compatible avec l&rsquo;accueil de quelques \u00e9l\u00e8ves suppl\u00e9mentaires. Finalement, l&rsquo;organisation la plus simple sera adopt\u00e9e. Merci de prendre contact avec les enseignantes, pour les modalit\u00e9s de mise en oeuvre&#8230;<\/p>\n<a class=\"more-link\" rel=\"nofollow\" href=\"https:\/\/www.viviersleslavaur.fr\/?p=323\">[Lire plus...]<\/a>","protected":false},"author":1,"featured_media":0,"comment_status":"closed","ping_status":"closed","sticky":false,"template":"","format":"standard","meta":{"footnotes":""},"categories":[2,4],"tags":[],"class_list":["post-323","post","type-post","status-publish","format-standard","hentry","category-commune","category-ecoles"],"_links":{"self":[{"href":"https:\/\/www.viviersleslavaur.fr\/index.php?rest_route=\/wp\/v2\/posts\/323","targetHints":{"allow":["GET"]}}],"collection":[{"href":"https:\/\/www.viviersleslavaur.fr\/index.php?rest_route=\/wp\/v2\/posts"}],"about":[{"href":"https:\/\/www.viviersleslavaur.fr\/index.php?rest_route=\/wp\/v2\/types\/post"}],"author":[{"embeddable":true,"href":"https:\/\/www.viviersleslavaur.fr\/index.php?rest_route=\/wp\/v2\/users\/1"}],"replies":[{"embeddable":true,"href":"https:\/\/www.viviersleslavaur.fr\/index.php?rest_route=%2Fwp%2Fv2%2Fcomments&post=323"}],"version-history":[{"count":1,"href":"https:\/\/www.viviersleslavaur.fr\/index.php?rest_route=\/wp\/v2\/posts\/323\/revisions"}],"predecessor-version":[{"id":324,"href":"https:\/\/www.viviersleslavaur.fr\/index.php?rest_route=\/wp\/v2\/posts\/323\/revisions\/324"}],"wp:attachment":[{"href":"https:\/\/www.viviersleslavaur.fr\/index.php?rest_route=%2Fwp%2Fv2%2Fmedia&parent=323"}],"wp:term":[{"taxonomy":"category","embeddable":true,"href":"https:\/\/www.viviersleslavaur.fr\/index.php?rest_route=%2Fwp%2Fv2%2Fcategories&post=323"},{"taxonomy":"post_tag","embeddable":true,"href":"https:\/\/www.viviersleslavaur.fr\/index.php?rest_route=%2Fwp%2Fv2%2Ftags&post=323"}],"curies":[{"name":"wp","href":"https:\/\/api.w.org\/{rel}","templated":true}]}}