{"id":320,"date":"2020-05-26T22:34:08","date_gmt":"2020-05-26T20:34:08","guid":{"rendered":"http:\/\/www.viviersleslavaur.fr\/?p=320"},"modified":"2020-05-26T22:35:59","modified_gmt":"2020-05-26T20:35:59","slug":"sirp-etude-dune-garderie-en-journee","status":"publish","type":"post","link":"https:\/\/www.viviersleslavaur.fr\/?p=320","title":{"rendered":"SIRP : Etude de l&prime;ouverture  d&prime;une garderie en journ\u00e9e"},"content":{"rendered":"\n<p>Le SIRP \u00e9tudie la possibilit\u00e9 de mettre en place une garderie pour accueillir jusqu&rsquo;\u00e0 6 enfants, en journ\u00e9e. <\/p>\n\n\n\n<p>Cette garderie aurait pour vocation de proposer une solution aux parents qui doivent \u00ab\u00a0retravailler\u00a0\u00bb. Maintenant que le fonctionnement des \u00e9coles est un peu mieux connu, suite aux messages des enseignantes, nous pensons que la solution peut avoir un int\u00e9r\u00eat.<\/p>\n\n\n\n<p>Elle serait h\u00e9berg\u00e9e au sein de l&rsquo;espace cantine de l&rsquo;\u00e9cole de Viviers l\u00e8s Lavaur et pourrait \u00eatre ouverte \u00e0 partir du Mardi 2 Juin, sous l&rsquo;encadrement   de personnels du SIRP et de personnels de la r\u00e9serve civique. Elle fonctionnerait durant les horaires d&rsquo;\u00e9cole.<\/p>\n\n\n\n<p>Vous comprendrez que la mise en place de ce service n&rsquo;est pas ais\u00e9e, donc si vous \u00eates int\u00e9ress\u00e9s, merci de le confirmer avant Jeudi 28 Mai, 9h,  au secr\u00e9tariat du SIRP \u00e0 l&rsquo;adresse email suivante <a href=\"mailto:lacougotte.cadoul.mairie@wanadoo.fr\">lacougotte.cadoul.mairie@wanadoo.fr<\/a>  <\/p>\n\n\n\n<p>Merci aussi de noter que cette confirmation vaut engagement de votre part, en cas de cr\u00e9ation de cette garderie en journ\u00e9e.<\/p>\n\n\n\n<p>Pour la semaine prochaine, le SIRP proposerait ce service gratuitement, et son co\u00fbt serait \u00e9valu\u00e9 dans un 2\u00e8me temps, s&rsquo;il devait \u00eatre prolong\u00e9 dans le temps.<\/p>\n\n\n\n<p>Nous vous tiendrons inform\u00e9s du r\u00e9sultat de l&rsquo;\u00e9tude sur le site viviersleslavaur.fr.<\/p>\n\n\n\n<p>Le Pr\u00e9sident du SIRP<\/p>\n\n\n\n<p>Jean-Paul Rocach\u00e9<\/p>\n","protected":false},"excerpt":{"rendered":"<p>Le SIRP \u00e9tudie la possibilit\u00e9 de mettre en place une garderie pour accueillir jusqu&rsquo;\u00e0 6 enfants, en journ\u00e9e. Cette garderie aurait pour vocation de proposer une solution aux parents qui doivent \u00ab\u00a0retravailler\u00a0\u00bb. Maintenant que le fonctionnement des \u00e9coles est un peu mieux connu, suite aux messages des enseignantes, nous pensons que la solution peut avoir un int\u00e9r\u00eat. Elle serait h\u00e9berg\u00e9e au sein de l&rsquo;espace cantine de l&rsquo;\u00e9cole de Viviers l\u00e8s Lavaur et pourrait \u00eatre ouverte \u00e0 partir du Mardi 2 Juin, sous l&rsquo;encadrement de personnels du SIRP et de personnels de la r\u00e9serve civique. Elle fonctionnerait durant les horaires d&rsquo;\u00e9cole.<\/p>\n<a class=\"more-link\" rel=\"nofollow\" href=\"https:\/\/www.viviersleslavaur.fr\/?p=320\">[Lire plus...]<\/a>","protected":false},"author":1,"featured_media":0,"comment_status":"closed","ping_status":"closed","sticky":false,"template":"","format":"standard","meta":{"footnotes":""},"categories":[2,4],"tags":[],"class_list":["post-320","post","type-post","status-publish","format-standard","hentry","category-commune","category-ecoles"],"_links":{"self":[{"href":"https:\/\/www.viviersleslavaur.fr\/index.php?rest_route=\/wp\/v2\/posts\/320","targetHints":{"allow":["GET"]}}],"collection":[{"href":"https:\/\/www.viviersleslavaur.fr\/index.php?rest_route=\/wp\/v2\/posts"}],"about":[{"href":"https:\/\/www.viviersleslavaur.fr\/index.php?rest_route=\/wp\/v2\/types\/post"}],"author":[{"embeddable":true,"href":"https:\/\/www.viviersleslavaur.fr\/index.php?rest_route=\/wp\/v2\/users\/1"}],"replies":[{"embeddable":true,"href":"https:\/\/www.viviersleslavaur.fr\/index.php?rest_route=%2Fwp%2Fv2%2Fcomments&post=320"}],"version-history":[{"count":2,"href":"https:\/\/www.viviersleslavaur.fr\/index.php?rest_route=\/wp\/v2\/posts\/320\/revisions"}],"predecessor-version":[{"id":322,"href":"https:\/\/www.viviersleslavaur.fr\/index.php?rest_route=\/wp\/v2\/posts\/320\/revisions\/322"}],"wp:attachment":[{"href":"https:\/\/www.viviersleslavaur.fr\/index.php?rest_route=%2Fwp%2Fv2%2Fmedia&parent=320"}],"wp:term":[{"taxonomy":"category","embeddable":true,"href":"https:\/\/www.viviersleslavaur.fr\/index.php?rest_route=%2Fwp%2Fv2%2Fcategories&post=320"},{"taxonomy":"post_tag","embeddable":true,"href":"https:\/\/www.viviersleslavaur.fr\/index.php?rest_route=%2Fwp%2Fv2%2Ftags&post=320"}],"curies":[{"name":"wp","href":"https:\/\/api.w.org\/{rel}","templated":true}]}}