{"id":311,"date":"2020-05-07T14:34:42","date_gmt":"2020-05-07T12:34:42","guid":{"rendered":"http:\/\/www.viviersleslavaur.fr\/?p=311"},"modified":"2020-05-07T14:34:42","modified_gmt":"2020-05-07T12:34:42","slug":"reouverture-des-ecoles-du-sirp","status":"publish","type":"post","link":"https:\/\/www.viviersleslavaur.fr\/?p=311","title":{"rendered":"R\u00e9ouverture des \u00e9coles du SIRP"},"content":{"rendered":"\n<p>Les \u00e9coles vont r\u00e9ouvrir \u00e0 partir du Jeudi 14 Mai, par niveau. On entend par niveau, par exemple, le CM2. Cela signifie que certains \u00e9l\u00e8ves vont retourner \u00e0 l&rsquo;\u00e9cole le 14 Mai et d&rsquo;autres \u00e9l\u00e8ves, quelques jours plus tard, selon les jours de rotation de leur niveau. La pr\u00e9sence en classe d&rsquo;un \u00e9l\u00e9ve se fera pour la journ\u00e9e enti\u00e8re, ce qui fait que chaque \u00e9l\u00e8ve ira \u00e0 l&rsquo;\u00e9cole, 2 jours entiers par semaine.<\/p>\n\n\n\n<p>Le protocole pr\u00e9cis et complet, adopt\u00e9 pour le mois de Mai (mais susceptible de changer pour le mois de Juin selon les besoins&#8230;) sera communiqu\u00e9 aux parents d&rsquo;\u00e9l\u00e8ves, demain, vendredi, par les enseignantes des 3 \u00e9coles.<\/p>\n\n\n\n<p>le site viviersleslavaur.fr continuera \u00e0 fournir les pr\u00e9cisions n\u00e9cessaires, au vu des questions que pourront remonter de la part des parents d&rsquo;\u00e9l\u00e8ves.<\/p>\n","protected":false},"excerpt":{"rendered":"<p>Les \u00e9coles vont r\u00e9ouvrir \u00e0 partir du Jeudi 14 Mai, par niveau. On entend par niveau, par exemple, le CM2. Cela signifie que certains \u00e9l\u00e8ves vont retourner \u00e0 l&rsquo;\u00e9cole le 14 Mai et d&rsquo;autres \u00e9l\u00e8ves, quelques jours plus tard, selon les jours de rotation de leur niveau. La pr\u00e9sence en classe d&rsquo;un \u00e9l\u00e9ve se fera pour la journ\u00e9e enti\u00e8re, ce qui fait que chaque \u00e9l\u00e8ve ira \u00e0 l&rsquo;\u00e9cole, 2 jours entiers par semaine. Le protocole pr\u00e9cis et complet, adopt\u00e9 pour le mois de Mai (mais susceptible de changer pour le mois de Juin selon les besoins&#8230;) sera communiqu\u00e9 aux parents<\/p>\n<a class=\"more-link\" rel=\"nofollow\" href=\"https:\/\/www.viviersleslavaur.fr\/?p=311\">[Lire plus...]<\/a>","protected":false},"author":1,"featured_media":0,"comment_status":"closed","ping_status":"closed","sticky":false,"template":"","format":"standard","meta":{"footnotes":""},"categories":[2,4],"tags":[],"class_list":["post-311","post","type-post","status-publish","format-standard","hentry","category-commune","category-ecoles"],"_links":{"self":[{"href":"https:\/\/www.viviersleslavaur.fr\/index.php?rest_route=\/wp\/v2\/posts\/311","targetHints":{"allow":["GET"]}}],"collection":[{"href":"https:\/\/www.viviersleslavaur.fr\/index.php?rest_route=\/wp\/v2\/posts"}],"about":[{"href":"https:\/\/www.viviersleslavaur.fr\/index.php?rest_route=\/wp\/v2\/types\/post"}],"author":[{"embeddable":true,"href":"https:\/\/www.viviersleslavaur.fr\/index.php?rest_route=\/wp\/v2\/users\/1"}],"replies":[{"embeddable":true,"href":"https:\/\/www.viviersleslavaur.fr\/index.php?rest_route=%2Fwp%2Fv2%2Fcomments&post=311"}],"version-history":[{"count":1,"href":"https:\/\/www.viviersleslavaur.fr\/index.php?rest_route=\/wp\/v2\/posts\/311\/revisions"}],"predecessor-version":[{"id":312,"href":"https:\/\/www.viviersleslavaur.fr\/index.php?rest_route=\/wp\/v2\/posts\/311\/revisions\/312"}],"wp:attachment":[{"href":"https:\/\/www.viviersleslavaur.fr\/index.php?rest_route=%2Fwp%2Fv2%2Fmedia&parent=311"}],"wp:term":[{"taxonomy":"category","embeddable":true,"href":"https:\/\/www.viviersleslavaur.fr\/index.php?rest_route=%2Fwp%2Fv2%2Fcategories&post=311"},{"taxonomy":"post_tag","embeddable":true,"href":"https:\/\/www.viviersleslavaur.fr\/index.php?rest_route=%2Fwp%2Fv2%2Ftags&post=311"}],"curies":[{"name":"wp","href":"https:\/\/api.w.org\/{rel}","templated":true}]}}