{"id":309,"date":"2020-05-06T09:34:39","date_gmt":"2020-05-06T07:34:39","guid":{"rendered":"http:\/\/www.viviersleslavaur.fr\/?p=309"},"modified":"2020-05-06T09:34:39","modified_gmt":"2020-05-06T07:34:39","slug":"info-smictom","status":"publish","type":"post","link":"https:\/\/www.viviersleslavaur.fr\/?p=309","title":{"rendered":"Info SMICTOM"},"content":{"rendered":"\n<p>A partir du 11 mai 2020, les 2 d\u00e9chetteries de Lavaur et de Saint-Sulpice, accepteront les 3 flux suivants, et uniquement ceux-ci :<\/p>\n\n\n\n<ul class=\"wp-block-list\"><li>les gravats inertes<\/li><li>les d\u00e9chets d\u2019\u00e9quipements \u00e9lectriques et<br>\u00e9lectroniques (r\u00e9frig\u00e9rateur, fer \u00e0 repasser, \u00e9cran, machine \u00e0<br>laver \u2026)<\/li><li>les d\u00e9chets verts<\/li><\/ul>\n\n\n\n<p>Les horaires d&rsquo;ouverture sont du lundi au samedi de 9h00 \u00e0 12h00 et 14h \u00e0 17h30<\/p>\n","protected":false},"excerpt":{"rendered":"<p>A partir du 11 mai 2020, les 2 d\u00e9chetteries de Lavaur et de Saint-Sulpice, accepteront les 3 flux suivants, et uniquement ceux-ci : les gravats inertes les d\u00e9chets d\u2019\u00e9quipements \u00e9lectriques et\u00e9lectroniques (r\u00e9frig\u00e9rateur, fer \u00e0 repasser, \u00e9cran, machine \u00e0laver \u2026) les d\u00e9chets verts Les horaires d&rsquo;ouverture sont du lundi au samedi de 9h00 \u00e0 12h00 et 14h \u00e0 17h30<\/p>\n<a class=\"more-link\" rel=\"nofollow\" href=\"https:\/\/www.viviersleslavaur.fr\/?p=309\">[Lire plus...]<\/a>","protected":false},"author":1,"featured_media":0,"comment_status":"closed","ping_status":"closed","sticky":false,"template":"","format":"standard","meta":{"footnotes":""},"categories":[9,2],"tags":[],"class_list":["post-309","post","type-post","status-publish","format-standard","hentry","category-ccta","category-commune"],"_links":{"self":[{"href":"https:\/\/www.viviersleslavaur.fr\/index.php?rest_route=\/wp\/v2\/posts\/309","targetHints":{"allow":["GET"]}}],"collection":[{"href":"https:\/\/www.viviersleslavaur.fr\/index.php?rest_route=\/wp\/v2\/posts"}],"about":[{"href":"https:\/\/www.viviersleslavaur.fr\/index.php?rest_route=\/wp\/v2\/types\/post"}],"author":[{"embeddable":true,"href":"https:\/\/www.viviersleslavaur.fr\/index.php?rest_route=\/wp\/v2\/users\/1"}],"replies":[{"embeddable":true,"href":"https:\/\/www.viviersleslavaur.fr\/index.php?rest_route=%2Fwp%2Fv2%2Fcomments&post=309"}],"version-history":[{"count":1,"href":"https:\/\/www.viviersleslavaur.fr\/index.php?rest_route=\/wp\/v2\/posts\/309\/revisions"}],"predecessor-version":[{"id":310,"href":"https:\/\/www.viviersleslavaur.fr\/index.php?rest_route=\/wp\/v2\/posts\/309\/revisions\/310"}],"wp:attachment":[{"href":"https:\/\/www.viviersleslavaur.fr\/index.php?rest_route=%2Fwp%2Fv2%2Fmedia&parent=309"}],"wp:term":[{"taxonomy":"category","embeddable":true,"href":"https:\/\/www.viviersleslavaur.fr\/index.php?rest_route=%2Fwp%2Fv2%2Fcategories&post=309"},{"taxonomy":"post_tag","embeddable":true,"href":"https:\/\/www.viviersleslavaur.fr\/index.php?rest_route=%2Fwp%2Fv2%2Ftags&post=309"}],"curies":[{"name":"wp","href":"https:\/\/api.w.org\/{rel}","templated":true}]}}