{"id":307,"date":"2020-05-04T18:40:00","date_gmt":"2020-05-04T16:40:00","guid":{"rendered":"http:\/\/www.viviersleslavaur.fr\/?p=307"},"modified":"2020-05-04T18:40:00","modified_gmt":"2020-05-04T16:40:00","slug":"conditions-de-reouverture-des-ecoles-du-sirp","status":"publish","type":"post","link":"https:\/\/www.viviersleslavaur.fr\/?p=307","title":{"rendered":"Conditions de r\u00e9ouverture des \u00e9coles du SIRP"},"content":{"rendered":"\n<p>La r\u00e9ouverture des \u00e9coles du SIRP va \u00eatre r\u00e9alis\u00e9e sous la tutelle de l&rsquo;Etat, via les instances acad\u00e9miques et la pr\u00e9fecture du Tarn. C&rsquo;est notamment, cette tutelle qui d\u00e9finit le nombre d&rsquo;enfants par classe (ex : 10 \u00e0 Viviers), mais qui laisse la possibilit\u00e9 d&rsquo;accueillir des enfants suppl\u00e9mentaires dans l&rsquo;\u00e9tablissement, en permettant une rotation des \u00e9coliers dans la salle de classe. Dans ce cas pr\u00e9cis, on pourra avoir, 10 enfants en classe, et 5 enfants dans une autre salle, pour des activit\u00e9s encadr\u00e9es par du personnel du SIRP.<\/p>\n\n\n\n<p>Une enqu\u00eate a \u00e9t\u00e9 r\u00e9alis\u00e9e par les enseignantes des 3 \u00e9coles afin d&rsquo;\u00e9valuer le nombre d&rsquo;enfants qui seraient possiblement pr\u00e9sents dans les \u00e9tablissements lors de la reprise.<\/p>\n\n\n\n<p>Il appara\u00eet que pour les \u00e9coles de Veilhes et de Viviers l\u00e8s Lavaur, l&rsquo;accueil de l&rsquo;ensemble des enfants, dont les parents ont souhait\u00e9 leur retour \u00e0 l&rsquo;\u00e9cole, pourrait \u00eatre r\u00e9alis\u00e9. Malheureusement, \u00e0 l&rsquo;heure actuelle, ce n&rsquo;est pas le cas pour l&rsquo;\u00e9cole de Lacougotte-Cadoul o\u00f9 le nombre d&rsquo;enfants attendus, se situe au-del\u00e0 de la capacit\u00e9 d&rsquo;accueil. Dans ce cas pr\u00e9sent, ce seront les crit\u00e8res d\u00e9finis par les tutelles (ex : priorit\u00e9 aux enfants des soignants,&#8230;) qui d\u00e9finiront quels enfants pourront \u00eatre pris en charge par l&rsquo;\u00e9cole.<\/p>\n\n\n\n<p>Nous aurons des pr\u00e9cisions suppl\u00e9mentaires, sur la sortie de confinement scolaire, ce mercredi, et nous les communiquerons \u00e0 ce moment-l\u00e0. Normalement, nous devrions pouvoir \u00eatre d\u00e9finitivement fix\u00e9s, jeudi, sur les conditions de reprise, et l\u00e0 aussi, nous les communiquerons sur ce site.<\/p>\n\n\n\n<p>Pour rappel, le site sirp.fr permet aux parents de communiquer leur num\u00e9ro de mobile et\/ou leur adresse m\u00e9l pour faciliter, la diffusion d&rsquo;informations. Si vous souhaitez mettre vos informations \u00e0 jour, vous pouvez vous connecter en utilisant les identifiants qui sont pr\u00e9sents sur votre facture mensuelle. Ensuite, vous cliquez sur Menu, puis Mes informations personnelles. Ne tenez pas compte des probl\u00e8mes d&rsquo;accents qui n&#8217;emp\u00eachent pas de saisir les informations souhait\u00e9es&#8230;<\/p>\n\n\n\n<p><strong>Appel aux b\u00e9n\u00e9voles<\/strong><\/p>\n\n\n\n<p>Certaines personnes nous ont demand\u00e9 comment elles pourraient proposer un coup de main, par exemple dans les \u00e9coles, lors de la phase de d\u00e9confinement. Nous les remercions tr\u00e8s sinc\u00e8rement pour leur d\u00e9marche, car cela pourra nous permettre d&rsquo;envisager un meilleur accueil de nos enfants et cela dans des conditions de s\u00e9curit\u00e9 efficaces. Si vous souhaitez les rejoindre, merci de vous prendre contact avec la mairie, par messagerie \u00e9lectronique \u00e0 mairie@viviersleslavaur.fr<\/p>\n\n\n\n<p>A tr\u00e8s bient\u00f4t.<\/p>\n","protected":false},"excerpt":{"rendered":"<p>La r\u00e9ouverture des \u00e9coles du SIRP va \u00eatre r\u00e9alis\u00e9e sous la tutelle de l&rsquo;Etat, via les instances acad\u00e9miques et la pr\u00e9fecture du Tarn. C&rsquo;est notamment, cette tutelle qui d\u00e9finit le nombre d&rsquo;enfants par classe (ex : 10 \u00e0 Viviers), mais qui laisse la possibilit\u00e9 d&rsquo;accueillir des enfants suppl\u00e9mentaires dans l&rsquo;\u00e9tablissement, en permettant une rotation des \u00e9coliers dans la salle de classe. Dans ce cas pr\u00e9cis, on pourra avoir, 10 enfants en classe, et 5 enfants dans une autre salle, pour des activit\u00e9s encadr\u00e9es par du personnel du SIRP. Une enqu\u00eate a \u00e9t\u00e9 r\u00e9alis\u00e9e par les enseignantes des 3 \u00e9coles afin<\/p>\n<a class=\"more-link\" rel=\"nofollow\" href=\"https:\/\/www.viviersleslavaur.fr\/?p=307\">[Lire plus...]<\/a>","protected":false},"author":1,"featured_media":0,"comment_status":"closed","ping_status":"closed","sticky":false,"template":"","format":"standard","meta":{"footnotes":""},"categories":[2,4],"tags":[],"class_list":["post-307","post","type-post","status-publish","format-standard","hentry","category-commune","category-ecoles"],"_links":{"self":[{"href":"https:\/\/www.viviersleslavaur.fr\/index.php?rest_route=\/wp\/v2\/posts\/307","targetHints":{"allow":["GET"]}}],"collection":[{"href":"https:\/\/www.viviersleslavaur.fr\/index.php?rest_route=\/wp\/v2\/posts"}],"about":[{"href":"https:\/\/www.viviersleslavaur.fr\/index.php?rest_route=\/wp\/v2\/types\/post"}],"author":[{"embeddable":true,"href":"https:\/\/www.viviersleslavaur.fr\/index.php?rest_route=\/wp\/v2\/users\/1"}],"replies":[{"embeddable":true,"href":"https:\/\/www.viviersleslavaur.fr\/index.php?rest_route=%2Fwp%2Fv2%2Fcomments&post=307"}],"version-history":[{"count":1,"href":"https:\/\/www.viviersleslavaur.fr\/index.php?rest_route=\/wp\/v2\/posts\/307\/revisions"}],"predecessor-version":[{"id":308,"href":"https:\/\/www.viviersleslavaur.fr\/index.php?rest_route=\/wp\/v2\/posts\/307\/revisions\/308"}],"wp:attachment":[{"href":"https:\/\/www.viviersleslavaur.fr\/index.php?rest_route=%2Fwp%2Fv2%2Fmedia&parent=307"}],"wp:term":[{"taxonomy":"category","embeddable":true,"href":"https:\/\/www.viviersleslavaur.fr\/index.php?rest_route=%2Fwp%2Fv2%2Fcategories&post=307"},{"taxonomy":"post_tag","embeddable":true,"href":"https:\/\/www.viviersleslavaur.fr\/index.php?rest_route=%2Fwp%2Fv2%2Ftags&post=307"}],"curies":[{"name":"wp","href":"https:\/\/api.w.org\/{rel}","templated":true}]}}