{"id":294,"date":"2020-04-06T10:31:40","date_gmt":"2020-04-06T08:31:40","guid":{"rendered":"http:\/\/www.viviersleslavaur.fr\/?p=294"},"modified":"2020-04-24T09:34:13","modified_gmt":"2020-04-24T07:34:13","slug":"ouverture-dun-centre-de-soin-covid-19-a-lavaur","status":"publish","type":"post","link":"https:\/\/www.viviersleslavaur.fr\/?p=294","title":{"rendered":"Ouverture d&prime;un centre de soin Covid-19 \u00e0 Lavaur"},"content":{"rendered":"\n<p>Ce centre re\u00e7oit uniquement les patients r\u00e9gul\u00e9s par le 15, le 3966, les urgences des l&rsquo;h\u00f4pital et les cabinets m\u00e9dicaux.<\/p>\n\n\n\n<p>Les patients ne doivent pas s&rsquo;y rendre eux m\u00eame.<\/p>\n\n\n\n<div class=\"wp-block-file\"><a href=\"https:\/\/www.viviersleslavaur.fr\/wp-content\/uploads\/2020\/04\/covid19.pdf\">covid19<\/a><a href=\"https:\/\/www.viviersleslavaur.fr\/wp-content\/uploads\/2020\/04\/covid19.pdf\" class=\"wp-block-file__button\" download>T\u00e9l\u00e9charger<\/a><\/div>\n\n\n\n<p><\/p>\n","protected":false},"excerpt":{"rendered":"<p>Ce centre re\u00e7oit uniquement les patients r\u00e9gul\u00e9s par le 15, le 3966, les urgences des l&rsquo;h\u00f4pital et les cabinets m\u00e9dicaux. Les patients ne doivent pas s&rsquo;y rendre eux m\u00eame.<\/p>\n<a class=\"more-link\" rel=\"nofollow\" href=\"https:\/\/www.viviersleslavaur.fr\/?p=294\">[Lire plus...]<\/a>","protected":false},"author":1,"featured_media":0,"comment_status":"closed","ping_status":"closed","sticky":false,"template":"","format":"standard","meta":{"footnotes":""},"categories":[2,5],"tags":[],"class_list":["post-294","post","type-post","status-publish","format-standard","hentry","category-commune","category-infospratiques"],"_links":{"self":[{"href":"https:\/\/www.viviersleslavaur.fr\/index.php?rest_route=\/wp\/v2\/posts\/294","targetHints":{"allow":["GET"]}}],"collection":[{"href":"https:\/\/www.viviersleslavaur.fr\/index.php?rest_route=\/wp\/v2\/posts"}],"about":[{"href":"https:\/\/www.viviersleslavaur.fr\/index.php?rest_route=\/wp\/v2\/types\/post"}],"author":[{"embeddable":true,"href":"https:\/\/www.viviersleslavaur.fr\/index.php?rest_route=\/wp\/v2\/users\/1"}],"replies":[{"embeddable":true,"href":"https:\/\/www.viviersleslavaur.fr\/index.php?rest_route=%2Fwp%2Fv2%2Fcomments&post=294"}],"version-history":[{"count":3,"href":"https:\/\/www.viviersleslavaur.fr\/index.php?rest_route=\/wp\/v2\/posts\/294\/revisions"}],"predecessor-version":[{"id":299,"href":"https:\/\/www.viviersleslavaur.fr\/index.php?rest_route=\/wp\/v2\/posts\/294\/revisions\/299"}],"wp:attachment":[{"href":"https:\/\/www.viviersleslavaur.fr\/index.php?rest_route=%2Fwp%2Fv2%2Fmedia&parent=294"}],"wp:term":[{"taxonomy":"category","embeddable":true,"href":"https:\/\/www.viviersleslavaur.fr\/index.php?rest_route=%2Fwp%2Fv2%2Fcategories&post=294"},{"taxonomy":"post_tag","embeddable":true,"href":"https:\/\/www.viviersleslavaur.fr\/index.php?rest_route=%2Fwp%2Fv2%2Ftags&post=294"}],"curies":[{"name":"wp","href":"https:\/\/api.w.org\/{rel}","templated":true}]}}