{"id":289,"date":"2020-03-15T21:21:37","date_gmt":"2020-03-15T20:21:37","guid":{"rendered":"http:\/\/www.viviersleslavaur.fr\/?p=289"},"modified":"2020-03-18T10:38:37","modified_gmt":"2020-03-18T09:38:37","slug":"resultat-des-elections-municipales-du-15-03-2020","status":"publish","type":"post","link":"https:\/\/www.viviersleslavaur.fr\/?p=289","title":{"rendered":"R\u00e9sultat des \u00e9lections municipales du 15\/03\/2020"},"content":{"rendered":"\n<p>Rocach\u00e9 Jean-Paul : 97<\/p>\n\n\n\n<p>Barrier Bernard : 95<\/p>\n\n\n\n<p>Beaup\u00e8re Nathalie : 95<\/p>\n\n\n\n<p>Darquier Laurent : 94<\/p>\n\n\n\n<p>Filippi Pierre : 88<\/p>\n\n\n\n<p>Foglia Dominique : 82<\/p>\n\n\n\n<p>Gucemas J\u00e9r\u00f4me : 78<\/p>\n\n\n\n<p>Jalade Laurence : 85<\/p>\n\n\n\n<p>Jaussely Gilles : 90<\/p>\n\n\n\n<p>Laperruque Fran\u00e7ois : 95<\/p>\n\n\n\n<p>Pailh\u00e8s Nina : 93<\/p>\n\n\n\n<p><\/p>\n\n\n\n<p>Inscrits : 178 \/ Votants : 105 \/ Blancs, nuls : 4<\/p>\n\n\n\n<p>La liste enti\u00e8re est \u00e9lue au 1er tour de scrutin, sous r\u00e9serve de validation suite aux probl\u00e8mes potentiels pos\u00e9s par l&rsquo;organisation du 2\u00e8me tour dans l&rsquo;int\u00e9gralit\u00e9 de notre pays.<\/p>\n","protected":false},"excerpt":{"rendered":"<p>Rocach\u00e9 Jean-Paul : 97 Barrier Bernard : 95 Beaup\u00e8re Nathalie : 95 Darquier Laurent : 94 Filippi Pierre : 88 Foglia Dominique : 82 Gucemas J\u00e9r\u00f4me : 78 Jalade Laurence : 85 Jaussely Gilles : 90 Laperruque Fran\u00e7ois : 95 Pailh\u00e8s Nina : 93 Inscrits : 178 \/ Votants : 105 \/ Blancs, nuls : 4 La liste enti\u00e8re est \u00e9lue au 1er tour de scrutin, sous r\u00e9serve de validation suite aux probl\u00e8mes potentiels pos\u00e9s par l&rsquo;organisation du 2\u00e8me tour dans l&rsquo;int\u00e9gralit\u00e9 de notre pays.<\/p>\n<a class=\"more-link\" rel=\"nofollow\" href=\"https:\/\/www.viviersleslavaur.fr\/?p=289\">[Lire plus...]<\/a>","protected":false},"author":1,"featured_media":0,"comment_status":"closed","ping_status":"closed","sticky":false,"template":"","format":"standard","meta":{"footnotes":""},"categories":[2],"tags":[],"class_list":["post-289","post","type-post","status-publish","format-standard","hentry","category-commune"],"_links":{"self":[{"href":"https:\/\/www.viviersleslavaur.fr\/index.php?rest_route=\/wp\/v2\/posts\/289","targetHints":{"allow":["GET"]}}],"collection":[{"href":"https:\/\/www.viviersleslavaur.fr\/index.php?rest_route=\/wp\/v2\/posts"}],"about":[{"href":"https:\/\/www.viviersleslavaur.fr\/index.php?rest_route=\/wp\/v2\/types\/post"}],"author":[{"embeddable":true,"href":"https:\/\/www.viviersleslavaur.fr\/index.php?rest_route=\/wp\/v2\/users\/1"}],"replies":[{"embeddable":true,"href":"https:\/\/www.viviersleslavaur.fr\/index.php?rest_route=%2Fwp%2Fv2%2Fcomments&post=289"}],"version-history":[{"count":3,"href":"https:\/\/www.viviersleslavaur.fr\/index.php?rest_route=\/wp\/v2\/posts\/289\/revisions"}],"predecessor-version":[{"id":292,"href":"https:\/\/www.viviersleslavaur.fr\/index.php?rest_route=\/wp\/v2\/posts\/289\/revisions\/292"}],"wp:attachment":[{"href":"https:\/\/www.viviersleslavaur.fr\/index.php?rest_route=%2Fwp%2Fv2%2Fmedia&parent=289"}],"wp:term":[{"taxonomy":"category","embeddable":true,"href":"https:\/\/www.viviersleslavaur.fr\/index.php?rest_route=%2Fwp%2Fv2%2Fcategories&post=289"},{"taxonomy":"post_tag","embeddable":true,"href":"https:\/\/www.viviersleslavaur.fr\/index.php?rest_route=%2Fwp%2Fv2%2Ftags&post=289"}],"curies":[{"name":"wp","href":"https:\/\/api.w.org\/{rel}","templated":true}]}}