{"id":287,"date":"2020-03-11T18:41:35","date_gmt":"2020-03-11T17:41:35","guid":{"rendered":"http:\/\/www.viviersleslavaur.fr\/?p=287"},"modified":"2020-03-11T18:41:35","modified_gmt":"2020-03-11T17:41:35","slug":"1er-tour-des-elections-municipales-15-03-2020","status":"publish","type":"post","link":"https:\/\/www.viviersleslavaur.fr\/?p=287","title":{"rendered":"1er tour des \u00e9lections municipales (15\/03\/2020)"},"content":{"rendered":"\n<p>Ce dimanche 15 Mars 2020, se tiendra le 1er tour des \u00e9lections municipales, en France. A cette occasion, le bureau de vote de Viviers l\u00e8s Lavaur sera ouvert de 8h \u00e0 18h.<\/p>\n\n\n\n<p>Le contexte actuel, impos\u00e9 par l&rsquo;\u00e9pid\u00e9mie de Covid-19, nous demandera \u00e0 tous, d&rsquo;adopter les mesures sanitaires pr\u00e9conis\u00e9es par les autorit\u00e9s de sant\u00e9 et le gouvernement. <\/p>\n\n\n\n<p>Notamment, avant de rentrer dans la mairie pour voter, il sera demand\u00e9<strong> \u00e0 tous<\/strong> de se <strong>laver les mains avec le gel hydroalcoolique propos\u00e9. Le cas \u00e9ch\u00e9ant, il sera aussi possible de se laver les mains avec du savon, dans la salle des associations, attenante.<\/strong> <\/p>\n\n\n\n<p>D&rsquo;autre part, il est recommand\u00e9 de <strong>vous munir de votre propre stylo pour limiter les risques de contamination<\/strong>. Si cela n&rsquo;est pas possible, un stylo sera propos\u00e9, comme pour les votes pr\u00e9c\u00e9dents, et sera nettoy\u00e9 apr\u00e8s chaque utilisation.<\/p>\n\n\n\n<p><strong>L&rsquo;isoloir sera dispos\u00e9 de fa\u00e7on \u00e0 ne pas \u00eatre contraint de manipuler son rideau<\/strong>, en le positionnant dos \u00e0 un mur.<\/p>\n\n\n\n<p>Malgr\u00e9 ces complications, nous vous attendons nombreux pour participer \u00e0 l&rsquo;expression de la d\u00e9mocratie.<\/p>\n","protected":false},"excerpt":{"rendered":"<p>Ce dimanche 15 Mars 2020, se tiendra le 1er tour des \u00e9lections municipales, en France. A cette occasion, le bureau de vote de Viviers l\u00e8s Lavaur sera ouvert de 8h \u00e0 18h. Le contexte actuel, impos\u00e9 par l&rsquo;\u00e9pid\u00e9mie de Covid-19, nous demandera \u00e0 tous, d&rsquo;adopter les mesures sanitaires pr\u00e9conis\u00e9es par les autorit\u00e9s de sant\u00e9 et le gouvernement. Notamment, avant de rentrer dans la mairie pour voter, il sera demand\u00e9 \u00e0 tous de se laver les mains avec le gel hydroalcoolique propos\u00e9. Le cas \u00e9ch\u00e9ant, il sera aussi possible de se laver les mains avec du savon, dans la salle des<\/p>\n<a class=\"more-link\" rel=\"nofollow\" href=\"https:\/\/www.viviersleslavaur.fr\/?p=287\">[Lire plus...]<\/a>","protected":false},"author":1,"featured_media":0,"comment_status":"closed","ping_status":"closed","sticky":false,"template":"","format":"standard","meta":{"footnotes":""},"categories":[2],"tags":[],"class_list":["post-287","post","type-post","status-publish","format-standard","hentry","category-commune"],"_links":{"self":[{"href":"https:\/\/www.viviersleslavaur.fr\/index.php?rest_route=\/wp\/v2\/posts\/287","targetHints":{"allow":["GET"]}}],"collection":[{"href":"https:\/\/www.viviersleslavaur.fr\/index.php?rest_route=\/wp\/v2\/posts"}],"about":[{"href":"https:\/\/www.viviersleslavaur.fr\/index.php?rest_route=\/wp\/v2\/types\/post"}],"author":[{"embeddable":true,"href":"https:\/\/www.viviersleslavaur.fr\/index.php?rest_route=\/wp\/v2\/users\/1"}],"replies":[{"embeddable":true,"href":"https:\/\/www.viviersleslavaur.fr\/index.php?rest_route=%2Fwp%2Fv2%2Fcomments&post=287"}],"version-history":[{"count":1,"href":"https:\/\/www.viviersleslavaur.fr\/index.php?rest_route=\/wp\/v2\/posts\/287\/revisions"}],"predecessor-version":[{"id":288,"href":"https:\/\/www.viviersleslavaur.fr\/index.php?rest_route=\/wp\/v2\/posts\/287\/revisions\/288"}],"wp:attachment":[{"href":"https:\/\/www.viviersleslavaur.fr\/index.php?rest_route=%2Fwp%2Fv2%2Fmedia&parent=287"}],"wp:term":[{"taxonomy":"category","embeddable":true,"href":"https:\/\/www.viviersleslavaur.fr\/index.php?rest_route=%2Fwp%2Fv2%2Fcategories&post=287"},{"taxonomy":"post_tag","embeddable":true,"href":"https:\/\/www.viviersleslavaur.fr\/index.php?rest_route=%2Fwp%2Fv2%2Ftags&post=287"}],"curies":[{"name":"wp","href":"https:\/\/api.w.org\/{rel}","templated":true}]}}