{"id":283,"date":"2019-10-30T13:49:55","date_gmt":"2019-10-30T12:49:55","guid":{"rendered":"http:\/\/www.viviersleslavaur.fr\/?p=283"},"modified":"2019-10-30T13:52:03","modified_gmt":"2019-10-30T12:52:03","slug":"inauguration-de-lecole-le-09-11-2019-a-11h","status":"publish","type":"post","link":"https:\/\/www.viviersleslavaur.fr\/?p=283","title":{"rendered":"Inauguration de l&rsquo;\u00e9cole le 09\/11\/2019 \u00e0 11h"},"content":{"rendered":"\n<p>L&rsquo;inauguration de la nouvelle \u00e9cole de Viviers l\u00e8s Lavaur, aura lieu le Samedi 9 Novembre 2019. Elle marquera un moment important de la vie de la commune, et sera l&rsquo;occasion de nous retrouver, avec les repr\u00e9sentants de l&rsquo;Etat, de la R\u00e9gion, du D\u00e9partement, de l&rsquo;Acad\u00e9mie et de la Communaut\u00e9 de Communes Tarn-Agout autour d&rsquo;un enjeu majeur, celui de la formation des enfants des communes du SIRP de Lacougotte-Cadoul, Veilhes et Viviers-l\u00e8s Lavaur.<\/p>\n","protected":false},"excerpt":{"rendered":"<p>L&rsquo;inauguration de la nouvelle \u00e9cole de Viviers l\u00e8s Lavaur, aura lieu le Samedi 9 Novembre 2019. Elle marquera un moment important de la vie de la commune, et sera l&rsquo;occasion de nous retrouver, avec les repr\u00e9sentants de l&rsquo;Etat, de la R\u00e9gion, du D\u00e9partement, de l&rsquo;Acad\u00e9mie et de la Communaut\u00e9 de Communes Tarn-Agout autour d&rsquo;un enjeu majeur, celui de la formation des enfants des communes du SIRP de Lacougotte-Cadoul, Veilhes et Viviers-l\u00e8s Lavaur.<\/p>\n<a class=\"more-link\" rel=\"nofollow\" href=\"https:\/\/www.viviersleslavaur.fr\/?p=283\">[Lire plus...]<\/a>","protected":false},"author":1,"featured_media":0,"comment_status":"closed","ping_status":"closed","sticky":false,"template":"","format":"standard","meta":{"footnotes":""},"categories":[9,2,8,4],"tags":[],"class_list":["post-283","post","type-post","status-publish","format-standard","hentry","category-ccta","category-commune","category-departement","category-ecoles"],"_links":{"self":[{"href":"https:\/\/www.viviersleslavaur.fr\/index.php?rest_route=\/wp\/v2\/posts\/283","targetHints":{"allow":["GET"]}}],"collection":[{"href":"https:\/\/www.viviersleslavaur.fr\/index.php?rest_route=\/wp\/v2\/posts"}],"about":[{"href":"https:\/\/www.viviersleslavaur.fr\/index.php?rest_route=\/wp\/v2\/types\/post"}],"author":[{"embeddable":true,"href":"https:\/\/www.viviersleslavaur.fr\/index.php?rest_route=\/wp\/v2\/users\/1"}],"replies":[{"embeddable":true,"href":"https:\/\/www.viviersleslavaur.fr\/index.php?rest_route=%2Fwp%2Fv2%2Fcomments&post=283"}],"version-history":[{"count":1,"href":"https:\/\/www.viviersleslavaur.fr\/index.php?rest_route=\/wp\/v2\/posts\/283\/revisions"}],"predecessor-version":[{"id":284,"href":"https:\/\/www.viviersleslavaur.fr\/index.php?rest_route=\/wp\/v2\/posts\/283\/revisions\/284"}],"wp:attachment":[{"href":"https:\/\/www.viviersleslavaur.fr\/index.php?rest_route=%2Fwp%2Fv2%2Fmedia&parent=283"}],"wp:term":[{"taxonomy":"category","embeddable":true,"href":"https:\/\/www.viviersleslavaur.fr\/index.php?rest_route=%2Fwp%2Fv2%2Fcategories&post=283"},{"taxonomy":"post_tag","embeddable":true,"href":"https:\/\/www.viviersleslavaur.fr\/index.php?rest_route=%2Fwp%2Fv2%2Ftags&post=283"}],"curies":[{"name":"wp","href":"https:\/\/api.w.org\/{rel}","templated":true}]}}