{"id":268,"date":"2019-08-14T16:24:54","date_gmt":"2019-08-14T14:24:54","guid":{"rendered":"http:\/\/www.viviersleslavaur.fr\/?p=268"},"modified":"2019-08-14T16:53:34","modified_gmt":"2019-08-14T14:53:34","slug":"la-nouvelle-ecole-communale-est-presque-prete","status":"publish","type":"post","link":"https:\/\/www.viviersleslavaur.fr\/?p=268","title":{"rendered":"La nouvelle \u00e9cole communale est presque pr\u00eate&#8230;"},"content":{"rendered":"\n<p>La construction de l&rsquo;\u00e9cole entre dans sa phase de finalisation. Elle ne sera pas livr\u00e9e pour la rentr\u00e9e scolaire 2019 mais pourra \u00eatre utilis\u00e9e en septembre, tout de m\u00eame. Le calendrier tr\u00e8s serr\u00e9, aura connu un retard de quelques jours, mais les enfants sauront vite s&rsquo;approprier leur nouvel \u00e9tablissement. Ce nouvel outil p\u00e9dagogique est le fruit de l&rsquo;investissement conjoint de la commune de Viviers l\u00e8s Lavaur et du Conseil D\u00e9partemental du Tarn (81). <\/p>\n\n\n\n<p>A tr\u00e8s bient\u00f4t pour la d\u00e9couverte des locaux et pour son inauguration&#8230;<\/p>\n\n\n\n<figure class=\"wp-block-image\"><img loading=\"lazy\" decoding=\"async\" width=\"1024\" height=\"505\" src=\"https:\/\/www.viviersleslavaur.fr\/wp-content\/uploads\/2019\/08\/ecole_viviers-les-lavaur-1024x505.png\" alt=\"\" class=\"wp-image-269\" srcset=\"https:\/\/www.viviersleslavaur.fr\/wp-content\/uploads\/2019\/08\/ecole_viviers-les-lavaur-1024x505.png 1024w, https:\/\/www.viviersleslavaur.fr\/wp-content\/uploads\/2019\/08\/ecole_viviers-les-lavaur-300x148.png 300w, https:\/\/www.viviersleslavaur.fr\/wp-content\/uploads\/2019\/08\/ecole_viviers-les-lavaur-768x379.png 768w, https:\/\/www.viviersleslavaur.fr\/wp-content\/uploads\/2019\/08\/ecole_viviers-les-lavaur.png 1759w\" sizes=\"auto, (max-width: 1024px) 100vw, 1024px\" \/><figcaption>La nouvelle \u00e9cole de Viviers l\u00e8s Lavaur<\/figcaption><\/figure>\n","protected":false},"excerpt":{"rendered":"<p>La construction de l&rsquo;\u00e9cole entre dans sa phase de finalisation. Elle ne sera pas livr\u00e9e pour la rentr\u00e9e scolaire 2019 mais pourra \u00eatre utilis\u00e9e en septembre, tout de m\u00eame. Le calendrier tr\u00e8s serr\u00e9, aura connu un retard de quelques jours, mais les enfants sauront vite s&rsquo;approprier leur nouvel \u00e9tablissement. Ce nouvel outil p\u00e9dagogique est le fruit de l&rsquo;investissement conjoint de la commune de Viviers l\u00e8s Lavaur et du Conseil D\u00e9partemental du Tarn (81). A tr\u00e8s bient\u00f4t pour la d\u00e9couverte des locaux et pour son inauguration&#8230;<\/p>\n<a class=\"more-link\" rel=\"nofollow\" href=\"https:\/\/www.viviersleslavaur.fr\/?p=268\">[Lire plus...]<\/a>","protected":false},"author":1,"featured_media":0,"comment_status":"closed","ping_status":"closed","sticky":false,"template":"","format":"standard","meta":{"footnotes":""},"categories":[2,8,4],"tags":[],"class_list":["post-268","post","type-post","status-publish","format-standard","hentry","category-commune","category-departement","category-ecoles"],"_links":{"self":[{"href":"https:\/\/www.viviersleslavaur.fr\/index.php?rest_route=\/wp\/v2\/posts\/268","targetHints":{"allow":["GET"]}}],"collection":[{"href":"https:\/\/www.viviersleslavaur.fr\/index.php?rest_route=\/wp\/v2\/posts"}],"about":[{"href":"https:\/\/www.viviersleslavaur.fr\/index.php?rest_route=\/wp\/v2\/types\/post"}],"author":[{"embeddable":true,"href":"https:\/\/www.viviersleslavaur.fr\/index.php?rest_route=\/wp\/v2\/users\/1"}],"replies":[{"embeddable":true,"href":"https:\/\/www.viviersleslavaur.fr\/index.php?rest_route=%2Fwp%2Fv2%2Fcomments&post=268"}],"version-history":[{"count":2,"href":"https:\/\/www.viviersleslavaur.fr\/index.php?rest_route=\/wp\/v2\/posts\/268\/revisions"}],"predecessor-version":[{"id":271,"href":"https:\/\/www.viviersleslavaur.fr\/index.php?rest_route=\/wp\/v2\/posts\/268\/revisions\/271"}],"wp:attachment":[{"href":"https:\/\/www.viviersleslavaur.fr\/index.php?rest_route=%2Fwp%2Fv2%2Fmedia&parent=268"}],"wp:term":[{"taxonomy":"category","embeddable":true,"href":"https:\/\/www.viviersleslavaur.fr\/index.php?rest_route=%2Fwp%2Fv2%2Fcategories&post=268"},{"taxonomy":"post_tag","embeddable":true,"href":"https:\/\/www.viviersleslavaur.fr\/index.php?rest_route=%2Fwp%2Fv2%2Ftags&post=268"}],"curies":[{"name":"wp","href":"https:\/\/api.w.org\/{rel}","templated":true}]}}