{"id":225,"date":"2018-03-04T10:20:15","date_gmt":"2018-03-04T09:20:15","guid":{"rendered":"http:\/\/www.viviersleslavaur.fr\/?p=225"},"modified":"2018-03-04T10:20:15","modified_gmt":"2018-03-04T09:20:15","slug":"collecte-des-encombrants-du-07-03-au-13-03","status":"publish","type":"post","link":"https:\/\/www.viviersleslavaur.fr\/?p=225","title":{"rendered":"Collecte des encombrants du 07\/03 au 13\/03"},"content":{"rendered":"<p>Une benne sera dispos\u00e9e \u00e0 Viviers l\u00e8s Lavaur, par le SMICTOM, pour permettre la collecte des encombrants du mercredi 7 mars 2018 au mardi 13 mars 2018.<\/p>\n<p>Le d\u00e9p\u00f4t de pneus est interdit dans cette benne, par contre, ils sont repris en d\u00e9chetterie.<\/p>\n<p><strong>Merci de respecter cette r\u00e8gle pour le bon d\u00e9roulement de la collecte et surtout sa p\u00e9rennit\u00e9!<\/strong><\/p>\n","protected":false},"excerpt":{"rendered":"<p>Une benne sera dispos\u00e9e \u00e0 Viviers l\u00e8s Lavaur, par le SMICTOM, pour permettre la collecte des encombrants du mercredi 7 mars 2018 au mardi 13 mars 2018. Le d\u00e9p\u00f4t de pneus est interdit dans cette benne, par contre, ils sont repris en d\u00e9chetterie. Merci de respecter cette r\u00e8gle pour le bon d\u00e9roulement de la collecte et surtout sa p\u00e9rennit\u00e9!<\/p>\n<a class=\"more-link\" rel=\"nofollow\" href=\"https:\/\/www.viviersleslavaur.fr\/?p=225\">[Lire plus...]<\/a>","protected":false},"author":1,"featured_media":0,"comment_status":"closed","ping_status":"closed","sticky":false,"template":"","format":"standard","meta":{"footnotes":""},"categories":[9],"tags":[],"class_list":["post-225","post","type-post","status-publish","format-standard","hentry","category-ccta"],"_links":{"self":[{"href":"https:\/\/www.viviersleslavaur.fr\/index.php?rest_route=\/wp\/v2\/posts\/225","targetHints":{"allow":["GET"]}}],"collection":[{"href":"https:\/\/www.viviersleslavaur.fr\/index.php?rest_route=\/wp\/v2\/posts"}],"about":[{"href":"https:\/\/www.viviersleslavaur.fr\/index.php?rest_route=\/wp\/v2\/types\/post"}],"author":[{"embeddable":true,"href":"https:\/\/www.viviersleslavaur.fr\/index.php?rest_route=\/wp\/v2\/users\/1"}],"replies":[{"embeddable":true,"href":"https:\/\/www.viviersleslavaur.fr\/index.php?rest_route=%2Fwp%2Fv2%2Fcomments&post=225"}],"version-history":[{"count":1,"href":"https:\/\/www.viviersleslavaur.fr\/index.php?rest_route=\/wp\/v2\/posts\/225\/revisions"}],"predecessor-version":[{"id":226,"href":"https:\/\/www.viviersleslavaur.fr\/index.php?rest_route=\/wp\/v2\/posts\/225\/revisions\/226"}],"wp:attachment":[{"href":"https:\/\/www.viviersleslavaur.fr\/index.php?rest_route=%2Fwp%2Fv2%2Fmedia&parent=225"}],"wp:term":[{"taxonomy":"category","embeddable":true,"href":"https:\/\/www.viviersleslavaur.fr\/index.php?rest_route=%2Fwp%2Fv2%2Fcategories&post=225"},{"taxonomy":"post_tag","embeddable":true,"href":"https:\/\/www.viviersleslavaur.fr\/index.php?rest_route=%2Fwp%2Fv2%2Ftags&post=225"}],"curies":[{"name":"wp","href":"https:\/\/api.w.org\/{rel}","templated":true}]}}