{"id":205,"date":"2018-01-09T14:32:45","date_gmt":"2018-01-09T13:32:45","guid":{"rendered":"http:\/\/www.viviersleslavaur.fr\/?p=205"},"modified":"2018-01-09T14:34:06","modified_gmt":"2018-01-09T13:34:06","slug":"presentation-du-projet-decole-aux-parents-deleves-08012018","status":"publish","type":"post","link":"https:\/\/www.viviersleslavaur.fr\/?p=205","title":{"rendered":"Pr\u00e9sentation du projet d&prime;\u00e9cole aux parents d&prime;\u00e9l\u00e8ves (08\/01\/2018)"},"content":{"rendered":"<p>Une rencontre entre les parents d&rsquo;\u00e9l\u00e8ves et la commune du Viviers l\u00e8s Lavaur a eu lieu le 08\/01\/2018. Son objectif \u00e9tait de pr\u00e9senter le projet d&rsquo;\u00e9cole et plus pr\u00e9cis\u00e9ment l&rsquo;organisation qui sera adopt\u00e9e durant les travaux de construction. A cette occasion, Messieurs les repr\u00e9sentants de l&rsquo;acad\u00e9mie pour la circonscription de Lavaur et Mme l&rsquo;enseignante de Viviers l\u00e8s Lavaur \u00e9taient pr\u00e9sents.<\/p>\n<p>Vous pouvez consulter le fichier qui a servi de support aux \u00e9changes.<\/p>\n<p><a href=\"https:\/\/www.viviersleslavaur.fr\/wp-content\/uploads\/2018\/01\/Projet_ecole_20180108.pdf\">Projet_ecole_20180108<\/a><\/p>\n","protected":false},"excerpt":{"rendered":"<p>Une rencontre entre les parents d&rsquo;\u00e9l\u00e8ves et la commune du Viviers l\u00e8s Lavaur a eu lieu le 08\/01\/2018. Son objectif \u00e9tait de pr\u00e9senter le projet d&rsquo;\u00e9cole et plus pr\u00e9cis\u00e9ment l&rsquo;organisation qui sera adopt\u00e9e durant les travaux de construction. A cette occasion, Messieurs les repr\u00e9sentants de l&rsquo;acad\u00e9mie pour la circonscription de Lavaur et Mme l&rsquo;enseignante de Viviers l\u00e8s Lavaur \u00e9taient pr\u00e9sents. Vous pouvez consulter le fichier qui a servi de support aux \u00e9changes. Projet_ecole_20180108<\/p>\n<a class=\"more-link\" rel=\"nofollow\" href=\"https:\/\/www.viviersleslavaur.fr\/?p=205\">[Lire plus...]<\/a>","protected":false},"author":1,"featured_media":0,"comment_status":"closed","ping_status":"closed","sticky":false,"template":"","format":"standard","meta":{"footnotes":""},"categories":[4],"tags":[],"class_list":["post-205","post","type-post","status-publish","format-standard","hentry","category-ecoles"],"_links":{"self":[{"href":"https:\/\/www.viviersleslavaur.fr\/index.php?rest_route=\/wp\/v2\/posts\/205","targetHints":{"allow":["GET"]}}],"collection":[{"href":"https:\/\/www.viviersleslavaur.fr\/index.php?rest_route=\/wp\/v2\/posts"}],"about":[{"href":"https:\/\/www.viviersleslavaur.fr\/index.php?rest_route=\/wp\/v2\/types\/post"}],"author":[{"embeddable":true,"href":"https:\/\/www.viviersleslavaur.fr\/index.php?rest_route=\/wp\/v2\/users\/1"}],"replies":[{"embeddable":true,"href":"https:\/\/www.viviersleslavaur.fr\/index.php?rest_route=%2Fwp%2Fv2%2Fcomments&post=205"}],"version-history":[{"count":2,"href":"https:\/\/www.viviersleslavaur.fr\/index.php?rest_route=\/wp\/v2\/posts\/205\/revisions"}],"predecessor-version":[{"id":208,"href":"https:\/\/www.viviersleslavaur.fr\/index.php?rest_route=\/wp\/v2\/posts\/205\/revisions\/208"}],"wp:attachment":[{"href":"https:\/\/www.viviersleslavaur.fr\/index.php?rest_route=%2Fwp%2Fv2%2Fmedia&parent=205"}],"wp:term":[{"taxonomy":"category","embeddable":true,"href":"https:\/\/www.viviersleslavaur.fr\/index.php?rest_route=%2Fwp%2Fv2%2Fcategories&post=205"},{"taxonomy":"post_tag","embeddable":true,"href":"https:\/\/www.viviersleslavaur.fr\/index.php?rest_route=%2Fwp%2Fv2%2Ftags&post=205"}],"curies":[{"name":"wp","href":"https:\/\/api.w.org\/{rel}","templated":true}]}}