{"id":145,"date":"2016-06-28T16:28:18","date_gmt":"2016-06-28T14:28:18","guid":{"rendered":"http:\/\/www.viviersleslavaur.fr\/?p=145"},"modified":"2016-06-29T16:35:42","modified_gmt":"2016-06-29T14:35:42","slug":"schema-departemental-damelioration-de-laccessibilite-des-services-au-public-sdaasp","status":"publish","type":"post","link":"https:\/\/www.viviersleslavaur.fr\/?p=145","title":{"rendered":"Sch\u00e9ma D\u00e9partemental d&prime;Am\u00e9lioration de l&prime;Accessibilit\u00e9 des Services au Public (SDAASP)"},"content":{"rendered":"<p>Le Conseil d\u00e9partemental et la Pr\u00e9fecture du Tarn travaillent \u00e0 am\u00e9liorer l\u2019acc\u00e8s des services au public sur l\u2019ensemble du territoire afin de faciliter votre vie quotidienne.<\/p>\n<p>Vous habitez le Tarn\u00a0? Votre avis nous int\u00e9resse\u00a0! Prenez quelques minutes pour nous dire vos besoins et vos attentes en remplissant ce questionnaire.<\/p>\n<p>Cette enqu\u00eate, vise \u00e0 donner la parole aux Tarnais(es) en vue de l\u2019\u00e9laboration du Sch\u00e9ma d\u00e9partemental d\u2019am\u00e9lioration de l&rsquo;accessibilit\u00e9 des services au public. Celui-ci sera d\u00e9ploy\u00e9 avec les collectivit\u00e9s locales et les diff\u00e9rents partenaires publics et priv\u00e9s.<\/p>\n<p><a href=\"https:\/\/edater.sphinxonline.net\/SurveyServer\/s\/edater\/844-Enq-Serv-Habitants-Tarn\/questionnaire.htm\">https:\/\/edater.sphinxonline.net\/SurveyServer\/s\/edater\/844-Enq-Serv-Habitants-Tarn\/questionnaire.htm<\/a><\/p>\n<p>&nbsp;<\/p>\n","protected":false},"excerpt":{"rendered":"<p>Le Conseil d\u00e9partemental et la Pr\u00e9fecture du Tarn travaillent \u00e0 am\u00e9liorer l\u2019acc\u00e8s des services au public sur l\u2019ensemble du territoire afin de faciliter votre vie quotidienne. Vous habitez le Tarn\u00a0? Votre avis nous int\u00e9resse\u00a0! Prenez quelques minutes pour nous dire vos besoins et vos attentes en remplissant ce questionnaire. Cette enqu\u00eate, vise \u00e0 donner la parole aux Tarnais(es) en vue de l\u2019\u00e9laboration du Sch\u00e9ma d\u00e9partemental d\u2019am\u00e9lioration de l&rsquo;accessibilit\u00e9 des services au public. Celui-ci sera d\u00e9ploy\u00e9 avec les collectivit\u00e9s locales et les diff\u00e9rents partenaires publics et priv\u00e9s. https:\/\/edater.sphinxonline.net\/SurveyServer\/s\/edater\/844-Enq-Serv-Habitants-Tarn\/questionnaire.htm &nbsp;<\/p>\n<a class=\"more-link\" rel=\"nofollow\" href=\"https:\/\/www.viviersleslavaur.fr\/?p=145\">[Lire plus...]<\/a>","protected":false},"author":1,"featured_media":0,"comment_status":"closed","ping_status":"closed","sticky":false,"template":"","format":"standard","meta":{"footnotes":""},"categories":[8],"tags":[],"class_list":["post-145","post","type-post","status-publish","format-standard","hentry","category-departement"],"_links":{"self":[{"href":"https:\/\/www.viviersleslavaur.fr\/index.php?rest_route=\/wp\/v2\/posts\/145","targetHints":{"allow":["GET"]}}],"collection":[{"href":"https:\/\/www.viviersleslavaur.fr\/index.php?rest_route=\/wp\/v2\/posts"}],"about":[{"href":"https:\/\/www.viviersleslavaur.fr\/index.php?rest_route=\/wp\/v2\/types\/post"}],"author":[{"embeddable":true,"href":"https:\/\/www.viviersleslavaur.fr\/index.php?rest_route=\/wp\/v2\/users\/1"}],"replies":[{"embeddable":true,"href":"https:\/\/www.viviersleslavaur.fr\/index.php?rest_route=%2Fwp%2Fv2%2Fcomments&post=145"}],"version-history":[{"count":4,"href":"https:\/\/www.viviersleslavaur.fr\/index.php?rest_route=\/wp\/v2\/posts\/145\/revisions"}],"predecessor-version":[{"id":149,"href":"https:\/\/www.viviersleslavaur.fr\/index.php?rest_route=\/wp\/v2\/posts\/145\/revisions\/149"}],"wp:attachment":[{"href":"https:\/\/www.viviersleslavaur.fr\/index.php?rest_route=%2Fwp%2Fv2%2Fmedia&parent=145"}],"wp:term":[{"taxonomy":"category","embeddable":true,"href":"https:\/\/www.viviersleslavaur.fr\/index.php?rest_route=%2Fwp%2Fv2%2Fcategories&post=145"},{"taxonomy":"post_tag","embeddable":true,"href":"https:\/\/www.viviersleslavaur.fr\/index.php?rest_route=%2Fwp%2Fv2%2Ftags&post=145"}],"curies":[{"name":"wp","href":"https:\/\/api.w.org\/{rel}","templated":true}]}}